{"id":12524,"date":"2025-11-17T17:49:03","date_gmt":"2025-11-17T16:49:03","guid":{"rendered":"https:\/\/www.ibaetabasket.com\/?p=12524"},"modified":"2025-11-17T22:23:17","modified_gmt":"2025-11-17T21:23:17","slug":"parte-medico-veronika-remenarova","status":"publish","type":"post","link":"https:\/\/www.ibaetabasket.com\/eu\/parte-medico-veronika-remenarova\/","title":{"rendered":"PARTE M\u00c9DICO: VERONIKA REMEN\u00c1ROV\u00c1"},"content":{"rendered":"<h1><span class=\"css-1jxf684 r-bcqeeo r-1ttztb7 r-qvutc0 r-poiln3\">Lesi\u00f3n en la rodilla derecha<\/span><\/h1>\n<p>La jugadora Veronika Remen\u00e1rov\u00e1 se<span class=\"css-1jxf684 r-bcqeeo r-1ttztb7 r-qvutc0 r-poiln3\"> someter\u00e1 a una intervenci\u00f3n artrosc\u00f3pica en la rodilla derecha para extracci\u00f3n de cuerpos libres. La intervenci\u00f3n se realizar\u00e1 el d\u00eda 19 por el Dr. De la Fuente en la Cl\u00ednica Pakea de Mutuali.<\/span><\/p>\n<p>La interior internacional con Eslovaquia es un activo fundamental en la plantilla de Azu Muguruza. Una ala-p\u00edvot vers\u00e1til que puede ser una amenaza tanto en la zona como desde la l\u00ednea de tres.<\/p>\n<p>Remen\u00e1rov\u00e1 aporta 8.4 puntos, y 2 rebotes por partido, capaz de anotar desde cualquier posici\u00f3n y ocupar todos los espacios de la pista.<\/p>\n<p>Todav\u00eda se desconoce la fecha de regreso de la jugadora.<\/p>\n<p>Este parte cuenta con la autorizaci\u00f3n de la jugadora.<\/p>\n","protected":false},"excerpt":{"rendered":"<p>Lesi\u00f3n en la rodilla derecha La jugadora Veronika Remen\u00e1rov\u00e1 se someter\u00e1 a una intervenci\u00f3n artrosc\u00f3pica en la rodilla derecha para extracci\u00f3n de cuerpos libres. La intervenci\u00f3n se realizar\u00e1 el d\u00eda 19 por el Dr. De la Fuente en la Cl\u00ednica Pakea de Mutuali. La interior internacional con Eslovaquia es un activo fundamental en la plantilla de Azu Muguruza. Una ala-p\u00edvot vers\u00e1til que puede ser una amenaza tanto en la zona como desde la l\u00ednea de tres. Remen\u00e1rov\u00e1 aporta 8.4 puntos, y 2 rebotes por partido, capaz de anotar desde cualquier posici\u00f3n y ocupar todos los espacios de la pista. Todav\u00eda se desconoce la fecha de regreso de la jugadora. Este parte cuenta con la autorizaci\u00f3n de la jugadora.<\/p>\n","protected":false},"author":4,"featured_media":12525,"comment_status":"closed","ping_status":"open","sticky":false,"template":"","format":"standard","meta":{"_acf_changed":false,"footnotes":""},"categories":[11],"tags":[],"class_list":["post-12524","post","type-post","status-publish","format-standard","has-post-thumbnail","hentry","category-noticias"],"acf":[],"yoast_head":"<!-- This site is optimized with the Yoast SEO plugin v28.2 - https:\/\/yoast.com\/product\/yoast-seo-wordpress\/ -->\n<title>PARTE M\u00c9DICO: VERONIKA REMEN\u00c1ROV\u00c1 - Ibaeta Basket<\/title>\n<meta name=\"robots\" content=\"index, follow, max-snippet:-1, max-image-preview:large, max-video-preview:-1\" \/>\n<link rel=\"canonical\" href=\"https:\/\/www.ibaetabasket.com\/parte-medico-veronika-remenarova\/\" \/>\n<meta property=\"og:locale\" content=\"eu_ES\" \/>\n<meta property=\"og:type\" content=\"article\" \/>\n<meta property=\"og:title\" content=\"PARTE M\u00c9DICO: VERONIKA REMEN\u00c1ROV\u00c1 - Ibaeta Basket\" \/>\n<meta property=\"og:description\" content=\"Lesi\u00f3n en la rodilla derecha La jugadora Veronika Remen\u00e1rov\u00e1 se someter\u00e1 a una intervenci\u00f3n artrosc\u00f3pica en la rodilla derecha para extracci\u00f3n de cuerpos libres. La intervenci\u00f3n se realizar\u00e1 el d\u00eda 19 por el Dr. De la Fuente en la Cl\u00ednica Pakea de Mutuali. La interior internacional con Eslovaquia es un activo fundamental en la plantilla de Azu Muguruza. Una ala-p\u00edvot vers\u00e1til que puede ser una amenaza tanto en la zona como desde la l\u00ednea de tres. Remen\u00e1rov\u00e1 aporta 8.4 puntos, y 2 rebotes por partido, capaz de anotar desde cualquier posici\u00f3n y ocupar todos los espacios de la pista. Todav\u00eda se desconoce la fecha de regreso de la jugadora. Este parte cuenta con la autorizaci\u00f3n de la jugadora.\" \/>\n<meta property=\"og:url\" content=\"https:\/\/www.ibaetabasket.com\/parte-medico-veronika-remenarova\/\" \/>\n<meta property=\"og:site_name\" content=\"Ibaeta Basket\" \/>\n<meta property=\"article:publisher\" content=\"https:\/\/www.facebook.com\/ibaetabasket\/\" \/>\n<meta property=\"article:published_time\" content=\"2025-11-17T16:49:03+00:00\" \/>\n<meta property=\"article:modified_time\" content=\"2025-11-17T21:23:17+00:00\" \/>\n<meta property=\"og:image\" content=\"https:\/\/www.ibaetabasket.com\/wp-content\/uploads\/2025\/11\/vero.jpg\" \/>\n\t<meta property=\"og:image:width\" content=\"1600\" \/>\n\t<meta property=\"og:image:height\" content=\"900\" \/>\n\t<meta property=\"og:image:type\" content=\"image\/jpeg\" \/>\n<meta name=\"author\" content=\"Prensa\" \/>\n<meta name=\"twitter:card\" content=\"summary_large_image\" \/>\n<meta name=\"twitter:creator\" content=\"@ibaetabasket\" \/>\n<meta name=\"twitter:site\" content=\"@ibaetabasket\" \/>\n<meta name=\"twitter:label1\" content=\"Written by\" \/>\n\t<meta name=\"twitter:data1\" content=\"Prensa\" \/>\n\t<meta name=\"twitter:label2\" content=\"Est. reading time\" \/>\n\t<meta name=\"twitter:data2\" content=\"1 minute\" \/>\n<script type=\"application\/ld+json\" class=\"yoast-schema-graph\">{\"@context\":\"https:\\\/\\\/schema.org\",\"@graph\":[{\"@type\":\"Article\",\"@id\":\"https:\\\/\\\/www.ibaetabasket.com\\\/parte-medico-veronika-remenarova\\\/#article\",\"isPartOf\":{\"@id\":\"https:\\\/\\\/www.ibaetabasket.com\\\/parte-medico-veronika-remenarova\\\/\"},\"author\":{\"name\":\"Prensa\",\"@id\":\"https:\\\/\\\/www.ibaetabasket.com\\\/#\\\/schema\\\/person\\\/a0cf9ca1855ff99d7a155007fdb3b9dd\"},\"headline\":\"PARTE M\u00c9DICO: VERONIKA REMEN\u00c1ROV\u00c1\",\"datePublished\":\"2025-11-17T16:49:03+00:00\",\"dateModified\":\"2025-11-17T21:23:17+00:00\",\"mainEntityOfPage\":{\"@id\":\"https:\\\/\\\/www.ibaetabasket.com\\\/parte-medico-veronika-remenarova\\\/\"},\"wordCount\":136,\"publisher\":{\"@id\":\"https:\\\/\\\/www.ibaetabasket.com\\\/#organization\"},\"image\":{\"@id\":\"https:\\\/\\\/www.ibaetabasket.com\\\/parte-medico-veronika-remenarova\\\/#primaryimage\"},\"thumbnailUrl\":\"https:\\\/\\\/www.ibaetabasket.com\\\/wp-content\\\/uploads\\\/2025\\\/11\\\/vero.jpg\",\"articleSection\":[\"Noticias\"],\"inLanguage\":\"eu-ES\"},{\"@type\":\"WebPage\",\"@id\":\"https:\\\/\\\/www.ibaetabasket.com\\\/parte-medico-veronika-remenarova\\\/\",\"url\":\"https:\\\/\\\/www.ibaetabasket.com\\\/parte-medico-veronika-remenarova\\\/\",\"name\":\"PARTE M\u00c9DICO: VERONIKA REMEN\u00c1ROV\u00c1 - Ibaeta Basket\",\"isPartOf\":{\"@id\":\"https:\\\/\\\/www.ibaetabasket.com\\\/#website\"},\"primaryImageOfPage\":{\"@id\":\"https:\\\/\\\/www.ibaetabasket.com\\\/parte-medico-veronika-remenarova\\\/#primaryimage\"},\"image\":{\"@id\":\"https:\\\/\\\/www.ibaetabasket.com\\\/parte-medico-veronika-remenarova\\\/#primaryimage\"},\"thumbnailUrl\":\"https:\\\/\\\/www.ibaetabasket.com\\\/wp-content\\\/uploads\\\/2025\\\/11\\\/vero.jpg\",\"datePublished\":\"2025-11-17T16:49:03+00:00\",\"dateModified\":\"2025-11-17T21:23:17+00:00\",\"breadcrumb\":{\"@id\":\"https:\\\/\\\/www.ibaetabasket.com\\\/parte-medico-veronika-remenarova\\\/#breadcrumb\"},\"inLanguage\":\"eu-ES\",\"potentialAction\":[{\"@type\":\"ReadAction\",\"target\":[\"https:\\\/\\\/www.ibaetabasket.com\\\/parte-medico-veronika-remenarova\\\/\"]}]},{\"@type\":\"ImageObject\",\"inLanguage\":\"eu-ES\",\"@id\":\"https:\\\/\\\/www.ibaetabasket.com\\\/parte-medico-veronika-remenarova\\\/#primaryimage\",\"url\":\"https:\\\/\\\/www.ibaetabasket.com\\\/wp-content\\\/uploads\\\/2025\\\/11\\\/vero.jpg\",\"contentUrl\":\"https:\\\/\\\/www.ibaetabasket.com\\\/wp-content\\\/uploads\\\/2025\\\/11\\\/vero.jpg\",\"width\":1600,\"height\":900},{\"@type\":\"BreadcrumbList\",\"@id\":\"https:\\\/\\\/www.ibaetabasket.com\\\/parte-medico-veronika-remenarova\\\/#breadcrumb\",\"itemListElement\":[{\"@type\":\"ListItem\",\"position\":1,\"name\":\"Portada\",\"item\":\"https:\\\/\\\/www.ibaetabasket.com\\\/\"},{\"@type\":\"ListItem\",\"position\":2,\"name\":\"PARTE M\u00c9DICO: VERONIKA REMEN\u00c1ROV\u00c1\"}]},{\"@type\":\"WebSite\",\"@id\":\"https:\\\/\\\/www.ibaetabasket.com\\\/#website\",\"url\":\"https:\\\/\\\/www.ibaetabasket.com\\\/\",\"name\":\"IBAETA BASKET\",\"description\":\"Mirai Euskotren\",\"publisher\":{\"@id\":\"https:\\\/\\\/www.ibaetabasket.com\\\/#organization\"},\"potentialAction\":[{\"@type\":\"SearchAction\",\"target\":{\"@type\":\"EntryPoint\",\"urlTemplate\":\"https:\\\/\\\/www.ibaetabasket.com\\\/?s={search_term_string}\"},\"query-input\":{\"@type\":\"PropertyValueSpecification\",\"valueRequired\":true,\"valueName\":\"search_term_string\"}}],\"inLanguage\":\"eu-ES\"},{\"@type\":\"Organization\",\"@id\":\"https:\\\/\\\/www.ibaetabasket.com\\\/#organization\",\"name\":\"MIRAI EUSKOTREN\",\"url\":\"https:\\\/\\\/www.ibaetabasket.com\\\/\",\"logo\":{\"@type\":\"ImageObject\",\"inLanguage\":\"eu-ES\",\"@id\":\"https:\\\/\\\/www.ibaetabasket.com\\\/#\\\/schema\\\/logo\\\/image\\\/\",\"url\":\"https:\\\/\\\/www.ibaetabasket.com\\\/wp-content\\\/uploads\\\/2026\\\/06\\\/IB_mirai_euskotren_logoweb.png\",\"contentUrl\":\"https:\\\/\\\/www.ibaetabasket.com\\\/wp-content\\\/uploads\\\/2026\\\/06\\\/IB_mirai_euskotren_logoweb.png\",\"width\":347,\"height\":70,\"caption\":\"MIRAI EUSKOTREN\"},\"image\":{\"@id\":\"https:\\\/\\\/www.ibaetabasket.com\\\/#\\\/schema\\\/logo\\\/image\\\/\"},\"sameAs\":[\"https:\\\/\\\/www.facebook.com\\\/ibaetabasket\\\/\",\"https:\\\/\\\/x.com\\\/ibaetabasket\",\"https:\\\/\\\/www.instagram.com\\\/ibaetabasket\\\/\"]},{\"@type\":\"Person\",\"@id\":\"https:\\\/\\\/www.ibaetabasket.com\\\/#\\\/schema\\\/person\\\/a0cf9ca1855ff99d7a155007fdb3b9dd\",\"name\":\"Prensa\",\"image\":{\"@type\":\"ImageObject\",\"inLanguage\":\"eu-ES\",\"@id\":\"https:\\\/\\\/secure.gravatar.com\\\/avatar\\\/fb93a7c8647bb2b7b1855ecc2ce13bdbdf77ec7fe3654de152ced255b1426777?s=96&d=mm&r=g\",\"url\":\"https:\\\/\\\/secure.gravatar.com\\\/avatar\\\/fb93a7c8647bb2b7b1855ecc2ce13bdbdf77ec7fe3654de152ced255b1426777?s=96&d=mm&r=g\",\"contentUrl\":\"https:\\\/\\\/secure.gravatar.com\\\/avatar\\\/fb93a7c8647bb2b7b1855ecc2ce13bdbdf77ec7fe3654de152ced255b1426777?s=96&d=mm&r=g\",\"caption\":\"Prensa\"},\"url\":\"https:\\\/\\\/www.ibaetabasket.com\\\/eu\\\/author\\\/prensa\\\/\"}]}<\/script>\n<!-- \/ Yoast SEO plugin. -->","yoast_head_json":{"title":"PARTE M\u00c9DICO: VERONIKA REMEN\u00c1ROV\u00c1 - Ibaeta Basket","robots":{"index":"index","follow":"follow","max-snippet":"max-snippet:-1","max-image-preview":"max-image-preview:large","max-video-preview":"max-video-preview:-1"},"canonical":"https:\/\/www.ibaetabasket.com\/parte-medico-veronika-remenarova\/","og_locale":"eu_ES","og_type":"article","og_title":"PARTE M\u00c9DICO: VERONIKA REMEN\u00c1ROV\u00c1 - Ibaeta Basket","og_description":"Lesi\u00f3n en la rodilla derecha La jugadora Veronika Remen\u00e1rov\u00e1 se someter\u00e1 a una intervenci\u00f3n artrosc\u00f3pica en la rodilla derecha para extracci\u00f3n de cuerpos libres. La intervenci\u00f3n se realizar\u00e1 el d\u00eda 19 por el Dr. De la Fuente en la Cl\u00ednica Pakea de Mutuali. La interior internacional con Eslovaquia es un activo fundamental en la plantilla de Azu Muguruza. Una ala-p\u00edvot vers\u00e1til que puede ser una amenaza tanto en la zona como desde la l\u00ednea de tres. Remen\u00e1rov\u00e1 aporta 8.4 puntos, y 2 rebotes por partido, capaz de anotar desde cualquier posici\u00f3n y ocupar todos los espacios de la pista. Todav\u00eda se desconoce la fecha de regreso de la jugadora. Este parte cuenta con la autorizaci\u00f3n de la jugadora.","og_url":"https:\/\/www.ibaetabasket.com\/parte-medico-veronika-remenarova\/","og_site_name":"Ibaeta Basket","article_publisher":"https:\/\/www.facebook.com\/ibaetabasket\/","article_published_time":"2025-11-17T16:49:03+00:00","article_modified_time":"2025-11-17T21:23:17+00:00","og_image":[{"width":1600,"height":900,"url":"https:\/\/www.ibaetabasket.com\/wp-content\/uploads\/2025\/11\/vero.jpg","type":"image\/jpeg"}],"author":"Prensa","twitter_card":"summary_large_image","twitter_creator":"@ibaetabasket","twitter_site":"@ibaetabasket","twitter_misc":{"Written by":"Prensa","Est. reading time":"1 minute"},"schema":{"@context":"https:\/\/schema.org","@graph":[{"@type":"Article","@id":"https:\/\/www.ibaetabasket.com\/parte-medico-veronika-remenarova\/#article","isPartOf":{"@id":"https:\/\/www.ibaetabasket.com\/parte-medico-veronika-remenarova\/"},"author":{"name":"Prensa","@id":"https:\/\/www.ibaetabasket.com\/#\/schema\/person\/a0cf9ca1855ff99d7a155007fdb3b9dd"},"headline":"PARTE M\u00c9DICO: VERONIKA REMEN\u00c1ROV\u00c1","datePublished":"2025-11-17T16:49:03+00:00","dateModified":"2025-11-17T21:23:17+00:00","mainEntityOfPage":{"@id":"https:\/\/www.ibaetabasket.com\/parte-medico-veronika-remenarova\/"},"wordCount":136,"publisher":{"@id":"https:\/\/www.ibaetabasket.com\/#organization"},"image":{"@id":"https:\/\/www.ibaetabasket.com\/parte-medico-veronika-remenarova\/#primaryimage"},"thumbnailUrl":"https:\/\/www.ibaetabasket.com\/wp-content\/uploads\/2025\/11\/vero.jpg","articleSection":["Noticias"],"inLanguage":"eu-ES"},{"@type":"WebPage","@id":"https:\/\/www.ibaetabasket.com\/parte-medico-veronika-remenarova\/","url":"https:\/\/www.ibaetabasket.com\/parte-medico-veronika-remenarova\/","name":"PARTE M\u00c9DICO: VERONIKA REMEN\u00c1ROV\u00c1 - Ibaeta Basket","isPartOf":{"@id":"https:\/\/www.ibaetabasket.com\/#website"},"primaryImageOfPage":{"@id":"https:\/\/www.ibaetabasket.com\/parte-medico-veronika-remenarova\/#primaryimage"},"image":{"@id":"https:\/\/www.ibaetabasket.com\/parte-medico-veronika-remenarova\/#primaryimage"},"thumbnailUrl":"https:\/\/www.ibaetabasket.com\/wp-content\/uploads\/2025\/11\/vero.jpg","datePublished":"2025-11-17T16:49:03+00:00","dateModified":"2025-11-17T21:23:17+00:00","breadcrumb":{"@id":"https:\/\/www.ibaetabasket.com\/parte-medico-veronika-remenarova\/#breadcrumb"},"inLanguage":"eu-ES","potentialAction":[{"@type":"ReadAction","target":["https:\/\/www.ibaetabasket.com\/parte-medico-veronika-remenarova\/"]}]},{"@type":"ImageObject","inLanguage":"eu-ES","@id":"https:\/\/www.ibaetabasket.com\/parte-medico-veronika-remenarova\/#primaryimage","url":"https:\/\/www.ibaetabasket.com\/wp-content\/uploads\/2025\/11\/vero.jpg","contentUrl":"https:\/\/www.ibaetabasket.com\/wp-content\/uploads\/2025\/11\/vero.jpg","width":1600,"height":900},{"@type":"BreadcrumbList","@id":"https:\/\/www.ibaetabasket.com\/parte-medico-veronika-remenarova\/#breadcrumb","itemListElement":[{"@type":"ListItem","position":1,"name":"Portada","item":"https:\/\/www.ibaetabasket.com\/"},{"@type":"ListItem","position":2,"name":"PARTE M\u00c9DICO: VERONIKA REMEN\u00c1ROV\u00c1"}]},{"@type":"WebSite","@id":"https:\/\/www.ibaetabasket.com\/#website","url":"https:\/\/www.ibaetabasket.com\/","name":"IBAETA BASKET","description":"Mirai Euskotren","publisher":{"@id":"https:\/\/www.ibaetabasket.com\/#organization"},"potentialAction":[{"@type":"SearchAction","target":{"@type":"EntryPoint","urlTemplate":"https:\/\/www.ibaetabasket.com\/?s={search_term_string}"},"query-input":{"@type":"PropertyValueSpecification","valueRequired":true,"valueName":"search_term_string"}}],"inLanguage":"eu-ES"},{"@type":"Organization","@id":"https:\/\/www.ibaetabasket.com\/#organization","name":"MIRAI EUSKOTREN","url":"https:\/\/www.ibaetabasket.com\/","logo":{"@type":"ImageObject","inLanguage":"eu-ES","@id":"https:\/\/www.ibaetabasket.com\/#\/schema\/logo\/image\/","url":"https:\/\/www.ibaetabasket.com\/wp-content\/uploads\/2026\/06\/IB_mirai_euskotren_logoweb.png","contentUrl":"https:\/\/www.ibaetabasket.com\/wp-content\/uploads\/2026\/06\/IB_mirai_euskotren_logoweb.png","width":347,"height":70,"caption":"MIRAI EUSKOTREN"},"image":{"@id":"https:\/\/www.ibaetabasket.com\/#\/schema\/logo\/image\/"},"sameAs":["https:\/\/www.facebook.com\/ibaetabasket\/","https:\/\/x.com\/ibaetabasket","https:\/\/www.instagram.com\/ibaetabasket\/"]},{"@type":"Person","@id":"https:\/\/www.ibaetabasket.com\/#\/schema\/person\/a0cf9ca1855ff99d7a155007fdb3b9dd","name":"Prensa","image":{"@type":"ImageObject","inLanguage":"eu-ES","@id":"https:\/\/secure.gravatar.com\/avatar\/fb93a7c8647bb2b7b1855ecc2ce13bdbdf77ec7fe3654de152ced255b1426777?s=96&d=mm&r=g","url":"https:\/\/secure.gravatar.com\/avatar\/fb93a7c8647bb2b7b1855ecc2ce13bdbdf77ec7fe3654de152ced255b1426777?s=96&d=mm&r=g","contentUrl":"https:\/\/secure.gravatar.com\/avatar\/fb93a7c8647bb2b7b1855ecc2ce13bdbdf77ec7fe3654de152ced255b1426777?s=96&d=mm&r=g","caption":"Prensa"},"url":"https:\/\/www.ibaetabasket.com\/eu\/author\/prensa\/"}]}},"_links":{"self":[{"href":"https:\/\/www.ibaetabasket.com\/eu\/wp-json\/wp\/v2\/posts\/12524","targetHints":{"allow":["GET"]}}],"collection":[{"href":"https:\/\/www.ibaetabasket.com\/eu\/wp-json\/wp\/v2\/posts"}],"about":[{"href":"https:\/\/www.ibaetabasket.com\/eu\/wp-json\/wp\/v2\/types\/post"}],"author":[{"embeddable":true,"href":"https:\/\/www.ibaetabasket.com\/eu\/wp-json\/wp\/v2\/users\/4"}],"replies":[{"embeddable":true,"href":"https:\/\/www.ibaetabasket.com\/eu\/wp-json\/wp\/v2\/comments?post=12524"}],"version-history":[{"count":8,"href":"https:\/\/www.ibaetabasket.com\/eu\/wp-json\/wp\/v2\/posts\/12524\/revisions"}],"predecessor-version":[{"id":12537,"href":"https:\/\/www.ibaetabasket.com\/eu\/wp-json\/wp\/v2\/posts\/12524\/revisions\/12537"}],"wp:featuredmedia":[{"embeddable":true,"href":"https:\/\/www.ibaetabasket.com\/eu\/wp-json\/wp\/v2\/media\/12525"}],"wp:attachment":[{"href":"https:\/\/www.ibaetabasket.com\/eu\/wp-json\/wp\/v2\/media?parent=12524"}],"wp:term":[{"taxonomy":"category","embeddable":true,"href":"https:\/\/www.ibaetabasket.com\/eu\/wp-json\/wp\/v2\/categories?post=12524"},{"taxonomy":"post_tag","embeddable":true,"href":"https:\/\/www.ibaetabasket.com\/eu\/wp-json\/wp\/v2\/tags?post=12524"}],"curies":[{"name":"wp","href":"https:\/\/api.w.org\/{rel}","templated":true}]}}