{"id":8112,"date":"2020-03-19T08:29:38","date_gmt":"2020-03-19T08:29:38","guid":{"rendered":"http:\/\/www.ibaetabasket.com\/?p=8112"},"modified":"2020-03-19T08:29:39","modified_gmt":"2020-03-19T08:29:39","slug":"aplazada-tambien-la-jornada-25","status":"publish","type":"post","link":"https:\/\/www.ibaetabasket.com\/eu\/aplazada-tambien-la-jornada-25\/","title":{"rendered":"Aplazada tambi\u00e9n la jornada 25"},"content":{"rendered":"\n<p class=\"wp-block-paragraph\">La Federaci\u00f3n Espa\u00f1ola de Baloncesto ha comunicado que la jornada 25 de la Liga Femenina Endesa, que se iba a celebrar el 28 de marzo, tambi\u00e9n ha sido aplazada. Ese d\u00eda, al IDK Euskotren le tocaba visitar la cancha del Valencia B.C. Por tanto, han sido aplazadas ya tres jornadas: la 23, la 24 y la 25, sin m\u00e1s noticias por ahora del futuro de la competici\u00f3n.<\/p>\n\n\n\n<p class=\"wp-block-paragraph\">&#8220;Como consecuencia de las medidas adoptadas por el Gobierno de Espa\u00f1a en virtud del Real Decreto 463\/2020, de 14 de marzo, por el que se declara el estado de alarma para la gesti\u00f3n de la situaci\u00f3n de crisis sanitaria ocasionada por el COVID-19, se informa de que la jornada correspondiente a los d\u00edas 28 y 29 de marzo de 2020 de todas las competiciones nacionales de la FEB queda tambi\u00e9n aplazada en id\u00e9nticos t\u00e9rminos a las dos anteriores&#8221;, dice el comunicado oficial de la Federaci\u00f3n Espa\u00f1ola de Baloncesto.<\/p>\n","protected":false},"excerpt":{"rendered":"<p>La Federaci\u00f3n Espa\u00f1ola de Baloncesto ha comunicado que la jornada 25 de la Liga Femenina Endesa, que se iba a celebrar el 28 de marzo, tambi\u00e9n ha sido aplazada. Ese d\u00eda, al IDK Euskotren le tocaba visitar la cancha del Valencia B.C. Por tanto, han sido aplazadas ya tres jornadas: la 23, la 24 y la 25, sin m\u00e1s noticias por ahora del futuro de la competici\u00f3n. &#8220;Como consecuencia de las medidas adoptadas por el Gobierno de Espa\u00f1a en virtud del Real Decreto 463\/2020, de 14 de marzo, por el que se declara el estado de alarma para la gesti\u00f3n de la situaci\u00f3n de crisis sanitaria ocasionada por el COVID-19, se informa de que la jornada correspondiente a los d\u00edas 28 y 29 de marzo de 2020 de todas las competiciones nacionales de la FEB queda tambi\u00e9n aplazada en id\u00e9nticos t\u00e9rminos a las dos anteriores&#8221;, dice el comunicado oficial de la Federaci\u00f3n Espa\u00f1ola de Baloncesto.<\/p>\n","protected":false},"author":6,"featured_media":7980,"comment_status":"open","ping_status":"open","sticky":false,"template":"","format":"standard","meta":{"_acf_changed":false,"footnotes":""},"categories":[10,11],"tags":[],"class_list":["post-8112","post","type-post","status-publish","format-standard","has-post-thumbnail","hentry","category-l-f","category-noticias"],"acf":[],"yoast_head":"<!-- This site is optimized with the Yoast SEO plugin v28.2 - https:\/\/yoast.com\/product\/yoast-seo-wordpress\/ -->\n<title>Aplazada tambi\u00e9n la jornada 25 - Ibaeta Basket<\/title>\n<meta name=\"robots\" content=\"index, follow, max-snippet:-1, max-image-preview:large, max-video-preview:-1\" \/>\n<link rel=\"canonical\" href=\"https:\/\/www.ibaetabasket.com\/aplazada-tambien-la-jornada-25\/\" \/>\n<meta property=\"og:locale\" content=\"eu_ES\" \/>\n<meta property=\"og:type\" content=\"article\" \/>\n<meta property=\"og:title\" content=\"Aplazada tambi\u00e9n la jornada 25 - Ibaeta Basket\" \/>\n<meta property=\"og:description\" content=\"La Federaci\u00f3n Espa\u00f1ola de Baloncesto ha comunicado que la jornada 25 de la Liga Femenina Endesa, que se iba a celebrar el 28 de marzo, tambi\u00e9n ha sido aplazada. Ese d\u00eda, al IDK Euskotren le tocaba visitar la cancha del Valencia B.C. Por tanto, han sido aplazadas ya tres jornadas: la 23, la 24 y la 25, sin m\u00e1s noticias por ahora del futuro de la competici\u00f3n. &#8220;Como consecuencia de las medidas adoptadas por el Gobierno de Espa\u00f1a en virtud del Real Decreto 463\/2020, de 14 de marzo, por el que se declara el estado de alarma para la gesti\u00f3n de la situaci\u00f3n de crisis sanitaria ocasionada por el COVID-19, se informa de que la jornada correspondiente a los d\u00edas 28 y 29 de marzo de 2020 de todas las competiciones nacionales de la FEB queda tambi\u00e9n aplazada en id\u00e9nticos t\u00e9rminos a las dos anteriores&#8221;, dice el comunicado oficial de la Federaci\u00f3n Espa\u00f1ola de Baloncesto.\" \/>\n<meta property=\"og:url\" content=\"https:\/\/www.ibaetabasket.com\/aplazada-tambien-la-jornada-25\/\" \/>\n<meta property=\"og:site_name\" content=\"Ibaeta Basket\" \/>\n<meta property=\"article:publisher\" content=\"https:\/\/www.facebook.com\/ibaetabasket\/\" \/>\n<meta property=\"article:published_time\" content=\"2020-03-19T08:29:38+00:00\" \/>\n<meta property=\"article:modified_time\" content=\"2020-03-19T08:29:39+00:00\" \/>\n<meta property=\"og:image\" content=\"https:\/\/www.ibaetabasket.com\/wp-content\/uploads\/2020\/02\/Maria-Erauncetamurguil-contra-Tenerife.jpg\" \/>\n\t<meta property=\"og:image:width\" content=\"1500\" \/>\n\t<meta property=\"og:image:height\" content=\"1000\" \/>\n\t<meta property=\"og:image:type\" content=\"image\/jpeg\" \/>\n<meta name=\"author\" content=\"Ibaeta Basket\" \/>\n<meta name=\"twitter:card\" content=\"summary_large_image\" \/>\n<meta name=\"twitter:creator\" content=\"@ibaetabasket\" \/>\n<meta name=\"twitter:site\" content=\"@ibaetabasket\" \/>\n<meta name=\"twitter:label1\" content=\"Written by\" \/>\n\t<meta name=\"twitter:data1\" content=\"Ibaeta Basket\" \/>\n\t<meta name=\"twitter:label2\" content=\"Est. reading time\" \/>\n\t<meta name=\"twitter:data2\" content=\"1 minute\" \/>\n<script type=\"application\/ld+json\" class=\"yoast-schema-graph\">{\"@context\":\"https:\\\/\\\/schema.org\",\"@graph\":[{\"@type\":\"Article\",\"@id\":\"https:\\\/\\\/www.ibaetabasket.com\\\/aplazada-tambien-la-jornada-25\\\/#article\",\"isPartOf\":{\"@id\":\"https:\\\/\\\/www.ibaetabasket.com\\\/aplazada-tambien-la-jornada-25\\\/\"},\"author\":{\"name\":\"Ibaeta Basket\",\"@id\":\"https:\\\/\\\/www.ibaetabasket.com\\\/#\\\/schema\\\/person\\\/aa7399d7b0d4896ac9c6dced7d19faa7\"},\"headline\":\"Aplazada tambi\u00e9n la jornada 25\",\"datePublished\":\"2020-03-19T08:29:38+00:00\",\"dateModified\":\"2020-03-19T08:29:39+00:00\",\"mainEntityOfPage\":{\"@id\":\"https:\\\/\\\/www.ibaetabasket.com\\\/aplazada-tambien-la-jornada-25\\\/\"},\"wordCount\":166,\"commentCount\":0,\"publisher\":{\"@id\":\"https:\\\/\\\/www.ibaetabasket.com\\\/#organization\"},\"image\":{\"@id\":\"https:\\\/\\\/www.ibaetabasket.com\\\/aplazada-tambien-la-jornada-25\\\/#primaryimage\"},\"thumbnailUrl\":\"https:\\\/\\\/www.ibaetabasket.com\\\/wp-content\\\/uploads\\\/2020\\\/02\\\/Maria-Erauncetamurguil-contra-Tenerife.jpg\",\"articleSection\":[\"L.F.\",\"Noticias\"],\"inLanguage\":\"eu-ES\",\"potentialAction\":[{\"@type\":\"CommentAction\",\"name\":\"Comment\",\"target\":[\"https:\\\/\\\/www.ibaetabasket.com\\\/aplazada-tambien-la-jornada-25\\\/#respond\"]}]},{\"@type\":\"WebPage\",\"@id\":\"https:\\\/\\\/www.ibaetabasket.com\\\/aplazada-tambien-la-jornada-25\\\/\",\"url\":\"https:\\\/\\\/www.ibaetabasket.com\\\/aplazada-tambien-la-jornada-25\\\/\",\"name\":\"Aplazada tambi\u00e9n la jornada 25 - Ibaeta Basket\",\"isPartOf\":{\"@id\":\"https:\\\/\\\/www.ibaetabasket.com\\\/#website\"},\"primaryImageOfPage\":{\"@id\":\"https:\\\/\\\/www.ibaetabasket.com\\\/aplazada-tambien-la-jornada-25\\\/#primaryimage\"},\"image\":{\"@id\":\"https:\\\/\\\/www.ibaetabasket.com\\\/aplazada-tambien-la-jornada-25\\\/#primaryimage\"},\"thumbnailUrl\":\"https:\\\/\\\/www.ibaetabasket.com\\\/wp-content\\\/uploads\\\/2020\\\/02\\\/Maria-Erauncetamurguil-contra-Tenerife.jpg\",\"datePublished\":\"2020-03-19T08:29:38+00:00\",\"dateModified\":\"2020-03-19T08:29:39+00:00\",\"breadcrumb\":{\"@id\":\"https:\\\/\\\/www.ibaetabasket.com\\\/aplazada-tambien-la-jornada-25\\\/#breadcrumb\"},\"inLanguage\":\"eu-ES\",\"potentialAction\":[{\"@type\":\"ReadAction\",\"target\":[\"https:\\\/\\\/www.ibaetabasket.com\\\/aplazada-tambien-la-jornada-25\\\/\"]}]},{\"@type\":\"ImageObject\",\"inLanguage\":\"eu-ES\",\"@id\":\"https:\\\/\\\/www.ibaetabasket.com\\\/aplazada-tambien-la-jornada-25\\\/#primaryimage\",\"url\":\"https:\\\/\\\/www.ibaetabasket.com\\\/wp-content\\\/uploads\\\/2020\\\/02\\\/Maria-Erauncetamurguil-contra-Tenerife.jpg\",\"contentUrl\":\"https:\\\/\\\/www.ibaetabasket.com\\\/wp-content\\\/uploads\\\/2020\\\/02\\\/Maria-Erauncetamurguil-contra-Tenerife.jpg\",\"width\":1500,\"height\":1000},{\"@type\":\"BreadcrumbList\",\"@id\":\"https:\\\/\\\/www.ibaetabasket.com\\\/aplazada-tambien-la-jornada-25\\\/#breadcrumb\",\"itemListElement\":[{\"@type\":\"ListItem\",\"position\":1,\"name\":\"Portada\",\"item\":\"https:\\\/\\\/www.ibaetabasket.com\\\/\"},{\"@type\":\"ListItem\",\"position\":2,\"name\":\"Aplazada tambi\u00e9n la jornada 25\"}]},{\"@type\":\"WebSite\",\"@id\":\"https:\\\/\\\/www.ibaetabasket.com\\\/#website\",\"url\":\"https:\\\/\\\/www.ibaetabasket.com\\\/\",\"name\":\"IBAETA BASKET\",\"description\":\"Mirai Euskotren\",\"publisher\":{\"@id\":\"https:\\\/\\\/www.ibaetabasket.com\\\/#organization\"},\"potentialAction\":[{\"@type\":\"SearchAction\",\"target\":{\"@type\":\"EntryPoint\",\"urlTemplate\":\"https:\\\/\\\/www.ibaetabasket.com\\\/?s={search_term_string}\"},\"query-input\":{\"@type\":\"PropertyValueSpecification\",\"valueRequired\":true,\"valueName\":\"search_term_string\"}}],\"inLanguage\":\"eu-ES\"},{\"@type\":\"Organization\",\"@id\":\"https:\\\/\\\/www.ibaetabasket.com\\\/#organization\",\"name\":\"MIRAI EUSKOTREN\",\"url\":\"https:\\\/\\\/www.ibaetabasket.com\\\/\",\"logo\":{\"@type\":\"ImageObject\",\"inLanguage\":\"eu-ES\",\"@id\":\"https:\\\/\\\/www.ibaetabasket.com\\\/#\\\/schema\\\/logo\\\/image\\\/\",\"url\":\"https:\\\/\\\/www.ibaetabasket.com\\\/wp-content\\\/uploads\\\/2026\\\/06\\\/IB_mirai_euskotren_logoweb.png\",\"contentUrl\":\"https:\\\/\\\/www.ibaetabasket.com\\\/wp-content\\\/uploads\\\/2026\\\/06\\\/IB_mirai_euskotren_logoweb.png\",\"width\":347,\"height\":70,\"caption\":\"MIRAI EUSKOTREN\"},\"image\":{\"@id\":\"https:\\\/\\\/www.ibaetabasket.com\\\/#\\\/schema\\\/logo\\\/image\\\/\"},\"sameAs\":[\"https:\\\/\\\/www.facebook.com\\\/ibaetabasket\\\/\",\"https:\\\/\\\/x.com\\\/ibaetabasket\",\"https:\\\/\\\/www.instagram.com\\\/ibaetabasket\\\/\"]},{\"@type\":\"Person\",\"@id\":\"https:\\\/\\\/www.ibaetabasket.com\\\/#\\\/schema\\\/person\\\/aa7399d7b0d4896ac9c6dced7d19faa7\",\"name\":\"Ibaeta Basket\",\"image\":{\"@type\":\"ImageObject\",\"inLanguage\":\"eu-ES\",\"@id\":\"https:\\\/\\\/secure.gravatar.com\\\/avatar\\\/efbd0d94be06fea619faff72c90bd4714f819157223a3b89c3a217602beaf3ef?s=96&d=mm&r=g\",\"url\":\"https:\\\/\\\/secure.gravatar.com\\\/avatar\\\/efbd0d94be06fea619faff72c90bd4714f819157223a3b89c3a217602beaf3ef?s=96&d=mm&r=g\",\"contentUrl\":\"https:\\\/\\\/secure.gravatar.com\\\/avatar\\\/efbd0d94be06fea619faff72c90bd4714f819157223a3b89c3a217602beaf3ef?s=96&d=mm&r=g\",\"caption\":\"Ibaeta Basket\"},\"url\":\"https:\\\/\\\/www.ibaetabasket.com\\\/eu\\\/author\\\/ibaetabasket\\\/\"}]}<\/script>\n<!-- \/ Yoast SEO plugin. -->","yoast_head_json":{"title":"Aplazada tambi\u00e9n la jornada 25 - Ibaeta Basket","robots":{"index":"index","follow":"follow","max-snippet":"max-snippet:-1","max-image-preview":"max-image-preview:large","max-video-preview":"max-video-preview:-1"},"canonical":"https:\/\/www.ibaetabasket.com\/aplazada-tambien-la-jornada-25\/","og_locale":"eu_ES","og_type":"article","og_title":"Aplazada tambi\u00e9n la jornada 25 - Ibaeta Basket","og_description":"La Federaci\u00f3n Espa\u00f1ola de Baloncesto ha comunicado que la jornada 25 de la Liga Femenina Endesa, que se iba a celebrar el 28 de marzo, tambi\u00e9n ha sido aplazada. Ese d\u00eda, al IDK Euskotren le tocaba visitar la cancha del Valencia B.C. Por tanto, han sido aplazadas ya tres jornadas: la 23, la 24 y la 25, sin m\u00e1s noticias por ahora del futuro de la competici\u00f3n. &#8220;Como consecuencia de las medidas adoptadas por el Gobierno de Espa\u00f1a en virtud del Real Decreto 463\/2020, de 14 de marzo, por el que se declara el estado de alarma para la gesti\u00f3n de la situaci\u00f3n de crisis sanitaria ocasionada por el COVID-19, se informa de que la jornada correspondiente a los d\u00edas 28 y 29 de marzo de 2020 de todas las competiciones nacionales de la FEB queda tambi\u00e9n aplazada en id\u00e9nticos t\u00e9rminos a las dos anteriores&#8221;, dice el comunicado oficial de la Federaci\u00f3n Espa\u00f1ola de Baloncesto.","og_url":"https:\/\/www.ibaetabasket.com\/aplazada-tambien-la-jornada-25\/","og_site_name":"Ibaeta Basket","article_publisher":"https:\/\/www.facebook.com\/ibaetabasket\/","article_published_time":"2020-03-19T08:29:38+00:00","article_modified_time":"2020-03-19T08:29:39+00:00","og_image":[{"width":1500,"height":1000,"url":"https:\/\/www.ibaetabasket.com\/wp-content\/uploads\/2020\/02\/Maria-Erauncetamurguil-contra-Tenerife.jpg","type":"image\/jpeg"}],"author":"Ibaeta Basket","twitter_card":"summary_large_image","twitter_creator":"@ibaetabasket","twitter_site":"@ibaetabasket","twitter_misc":{"Written by":"Ibaeta Basket","Est. reading time":"1 minute"},"schema":{"@context":"https:\/\/schema.org","@graph":[{"@type":"Article","@id":"https:\/\/www.ibaetabasket.com\/aplazada-tambien-la-jornada-25\/#article","isPartOf":{"@id":"https:\/\/www.ibaetabasket.com\/aplazada-tambien-la-jornada-25\/"},"author":{"name":"Ibaeta Basket","@id":"https:\/\/www.ibaetabasket.com\/#\/schema\/person\/aa7399d7b0d4896ac9c6dced7d19faa7"},"headline":"Aplazada tambi\u00e9n la jornada 25","datePublished":"2020-03-19T08:29:38+00:00","dateModified":"2020-03-19T08:29:39+00:00","mainEntityOfPage":{"@id":"https:\/\/www.ibaetabasket.com\/aplazada-tambien-la-jornada-25\/"},"wordCount":166,"commentCount":0,"publisher":{"@id":"https:\/\/www.ibaetabasket.com\/#organization"},"image":{"@id":"https:\/\/www.ibaetabasket.com\/aplazada-tambien-la-jornada-25\/#primaryimage"},"thumbnailUrl":"https:\/\/www.ibaetabasket.com\/wp-content\/uploads\/2020\/02\/Maria-Erauncetamurguil-contra-Tenerife.jpg","articleSection":["L.F.","Noticias"],"inLanguage":"eu-ES","potentialAction":[{"@type":"CommentAction","name":"Comment","target":["https:\/\/www.ibaetabasket.com\/aplazada-tambien-la-jornada-25\/#respond"]}]},{"@type":"WebPage","@id":"https:\/\/www.ibaetabasket.com\/aplazada-tambien-la-jornada-25\/","url":"https:\/\/www.ibaetabasket.com\/aplazada-tambien-la-jornada-25\/","name":"Aplazada tambi\u00e9n la jornada 25 - Ibaeta Basket","isPartOf":{"@id":"https:\/\/www.ibaetabasket.com\/#website"},"primaryImageOfPage":{"@id":"https:\/\/www.ibaetabasket.com\/aplazada-tambien-la-jornada-25\/#primaryimage"},"image":{"@id":"https:\/\/www.ibaetabasket.com\/aplazada-tambien-la-jornada-25\/#primaryimage"},"thumbnailUrl":"https:\/\/www.ibaetabasket.com\/wp-content\/uploads\/2020\/02\/Maria-Erauncetamurguil-contra-Tenerife.jpg","datePublished":"2020-03-19T08:29:38+00:00","dateModified":"2020-03-19T08:29:39+00:00","breadcrumb":{"@id":"https:\/\/www.ibaetabasket.com\/aplazada-tambien-la-jornada-25\/#breadcrumb"},"inLanguage":"eu-ES","potentialAction":[{"@type":"ReadAction","target":["https:\/\/www.ibaetabasket.com\/aplazada-tambien-la-jornada-25\/"]}]},{"@type":"ImageObject","inLanguage":"eu-ES","@id":"https:\/\/www.ibaetabasket.com\/aplazada-tambien-la-jornada-25\/#primaryimage","url":"https:\/\/www.ibaetabasket.com\/wp-content\/uploads\/2020\/02\/Maria-Erauncetamurguil-contra-Tenerife.jpg","contentUrl":"https:\/\/www.ibaetabasket.com\/wp-content\/uploads\/2020\/02\/Maria-Erauncetamurguil-contra-Tenerife.jpg","width":1500,"height":1000},{"@type":"BreadcrumbList","@id":"https:\/\/www.ibaetabasket.com\/aplazada-tambien-la-jornada-25\/#breadcrumb","itemListElement":[{"@type":"ListItem","position":1,"name":"Portada","item":"https:\/\/www.ibaetabasket.com\/"},{"@type":"ListItem","position":2,"name":"Aplazada tambi\u00e9n la jornada 25"}]},{"@type":"WebSite","@id":"https:\/\/www.ibaetabasket.com\/#website","url":"https:\/\/www.ibaetabasket.com\/","name":"IBAETA BASKET","description":"Mirai Euskotren","publisher":{"@id":"https:\/\/www.ibaetabasket.com\/#organization"},"potentialAction":[{"@type":"SearchAction","target":{"@type":"EntryPoint","urlTemplate":"https:\/\/www.ibaetabasket.com\/?s={search_term_string}"},"query-input":{"@type":"PropertyValueSpecification","valueRequired":true,"valueName":"search_term_string"}}],"inLanguage":"eu-ES"},{"@type":"Organization","@id":"https:\/\/www.ibaetabasket.com\/#organization","name":"MIRAI EUSKOTREN","url":"https:\/\/www.ibaetabasket.com\/","logo":{"@type":"ImageObject","inLanguage":"eu-ES","@id":"https:\/\/www.ibaetabasket.com\/#\/schema\/logo\/image\/","url":"https:\/\/www.ibaetabasket.com\/wp-content\/uploads\/2026\/06\/IB_mirai_euskotren_logoweb.png","contentUrl":"https:\/\/www.ibaetabasket.com\/wp-content\/uploads\/2026\/06\/IB_mirai_euskotren_logoweb.png","width":347,"height":70,"caption":"MIRAI EUSKOTREN"},"image":{"@id":"https:\/\/www.ibaetabasket.com\/#\/schema\/logo\/image\/"},"sameAs":["https:\/\/www.facebook.com\/ibaetabasket\/","https:\/\/x.com\/ibaetabasket","https:\/\/www.instagram.com\/ibaetabasket\/"]},{"@type":"Person","@id":"https:\/\/www.ibaetabasket.com\/#\/schema\/person\/aa7399d7b0d4896ac9c6dced7d19faa7","name":"Ibaeta Basket","image":{"@type":"ImageObject","inLanguage":"eu-ES","@id":"https:\/\/secure.gravatar.com\/avatar\/efbd0d94be06fea619faff72c90bd4714f819157223a3b89c3a217602beaf3ef?s=96&d=mm&r=g","url":"https:\/\/secure.gravatar.com\/avatar\/efbd0d94be06fea619faff72c90bd4714f819157223a3b89c3a217602beaf3ef?s=96&d=mm&r=g","contentUrl":"https:\/\/secure.gravatar.com\/avatar\/efbd0d94be06fea619faff72c90bd4714f819157223a3b89c3a217602beaf3ef?s=96&d=mm&r=g","caption":"Ibaeta Basket"},"url":"https:\/\/www.ibaetabasket.com\/eu\/author\/ibaetabasket\/"}]}},"_links":{"self":[{"href":"https:\/\/www.ibaetabasket.com\/eu\/wp-json\/wp\/v2\/posts\/8112","targetHints":{"allow":["GET"]}}],"collection":[{"href":"https:\/\/www.ibaetabasket.com\/eu\/wp-json\/wp\/v2\/posts"}],"about":[{"href":"https:\/\/www.ibaetabasket.com\/eu\/wp-json\/wp\/v2\/types\/post"}],"author":[{"embeddable":true,"href":"https:\/\/www.ibaetabasket.com\/eu\/wp-json\/wp\/v2\/users\/6"}],"replies":[{"embeddable":true,"href":"https:\/\/www.ibaetabasket.com\/eu\/wp-json\/wp\/v2\/comments?post=8112"}],"version-history":[{"count":1,"href":"https:\/\/www.ibaetabasket.com\/eu\/wp-json\/wp\/v2\/posts\/8112\/revisions"}],"predecessor-version":[{"id":8113,"href":"https:\/\/www.ibaetabasket.com\/eu\/wp-json\/wp\/v2\/posts\/8112\/revisions\/8113"}],"wp:featuredmedia":[{"embeddable":true,"href":"https:\/\/www.ibaetabasket.com\/eu\/wp-json\/wp\/v2\/media\/7980"}],"wp:attachment":[{"href":"https:\/\/www.ibaetabasket.com\/eu\/wp-json\/wp\/v2\/media?parent=8112"}],"wp:term":[{"taxonomy":"category","embeddable":true,"href":"https:\/\/www.ibaetabasket.com\/eu\/wp-json\/wp\/v2\/categories?post=8112"},{"taxonomy":"post_tag","embeddable":true,"href":"https:\/\/www.ibaetabasket.com\/eu\/wp-json\/wp\/v2\/tags?post=8112"}],"curies":[{"name":"wp","href":"https:\/\/api.w.org\/{rel}","templated":true}]}}