{"id":8144,"date":"2020-05-21T13:28:02","date_gmt":"2020-05-21T13:28:02","guid":{"rendered":"http:\/\/www.ibaetabasket.com\/?p=8144"},"modified":"2020-05-21T13:28:02","modified_gmt":"2020-05-21T13:28:02","slug":"la-capitana-renueva-su-contrato","status":"publish","type":"post","link":"https:\/\/www.ibaetabasket.com\/eu\/la-capitana-renueva-su-contrato\/","title":{"rendered":"La capitana renueva su contrato"},"content":{"rendered":"\n<p>Lara Gonz\u00e1lez se ha convertido en la primera jugadora del IDK Euskotren que renueva su contrato de cara a la temporada 2020-21. La base donostiarra de 26 a\u00f1os (naci\u00f3 el 1 de noviembre de 1994) y 1,74 de altura cumplir\u00e1, por tanto, su octava temporada en Liga Femenina Endesa, siempre en el equipo guipuzcoano, que capitanear\u00e1 por segundo curso seguido.<\/p>\n\n\n\n<p>Lara debut\u00f3 a las \u00f3rdenes de Azu Muguruza la temporada 2012-13, la del ascenso a la m\u00e1xima categor\u00eda, disputando tres partidos, y la siguiente, la 2013-14, pas\u00f3 a ser ya integrante de pleno derecho del IDK Euskotren. Desde entonces su progresi\u00f3n e importancia en el equipo han sido indudables y a d\u00eda de hoy es la jugadora guipuzcoana con m\u00e1s partidos (170) en la Liga Femenina Endesa en las filas del IDK Euskotren.<\/p>\n\n\n\n<p>La base acab\u00f3 la \u00faltima temporada &#8220;con sabor agridulce&#8221;: &#8220;Acabar como acabamos no te gusta, pero hab\u00eda que mirar la salud y creo que fue lo correcto. En las \u00faltimas jornadas hab\u00edamos conseguido la madurez como equipo y est\u00e1bamos en buena din\u00e1mica y quer\u00edamos terminar la liga, as\u00ed que nos quedamos con sabor agridulce&#8221;. Lara lleva sin pisar el Gasca desde mediados de marzo y est\u00e1 deseando volver a la cancha a entrenar: &#8220;Normalmente, cuando acaba una temporada tienes un tiempo para dedicarte un poco a los estudios, pero enseguida vuelves a la pista para no perder la forma f\u00edsica. A ver este a\u00f1o, hemos hablado con Azu y hasta finales de junio o as\u00ed igual no podemos entrenar en el Gasca. Lo llevamos como podemos&#8221;.<\/p>\n\n\n\n<p>Lara est\u00e1 encantada con seguir un a\u00f1o m\u00e1s en el IDK Euskotren: &#8220;Quedarte en el equipo de casa y que conf\u00eden en ti es una satisfacci\u00f3n muy grande. Tengo muchas ganas e ilusi\u00f3n de volver a entrenar, trabajar durante las pr\u00f3ximas semanas y dar mi m\u00e1ximo. El a\u00f1o pasado no fue como yo esperaba, as\u00ed que estoy con m\u00e1s ganas a\u00fan&#8221;.<\/p>\n\n\n\n<p>El pr\u00f3ximo curso contar\u00e1 con muchos alicientes: &#8220;Habr\u00e1 dos equipos m\u00e1s, as\u00ed que la Liga Femenina Endesa se alargar\u00e1 un poco, lo que es bueno para la competici\u00f3n. Desde que empec\u00e9 hasta el d\u00eda de hoy la liga se ha endurecido y la pr\u00f3xima temporada ser\u00e1 muy competitiva, incluso m\u00e1s que la del a\u00f1o pasado. Habr\u00e1 que estar ah\u00ed para competir&#8221;.<\/p>\n","protected":false},"excerpt":{"rendered":"<p>Lara Gonz\u00e1lez se ha convertido en la primera jugadora del IDK Euskotren que renueva su contrato de cara a la temporada 2020-21. La base donostiarra de 26 a\u00f1os (naci\u00f3 el 1 de noviembre de 1994) y 1,74 de altura cumplir\u00e1, por tanto, su octava temporada en Liga Femenina Endesa, siempre en el equipo guipuzcoano, que capitanear\u00e1 por segundo curso seguido. Lara debut\u00f3 a las \u00f3rdenes de Azu Muguruza la temporada 2012-13, la del ascenso a la m\u00e1xima categor\u00eda, disputando tres partidos, y la siguiente, la 2013-14, pas\u00f3 a ser ya integrante de pleno derecho del IDK Euskotren. Desde entonces su progresi\u00f3n e importancia en el equipo han sido indudables y a d\u00eda de hoy es la jugadora guipuzcoana con m\u00e1s partidos (170) en la Liga Femenina Endesa en las filas del IDK Euskotren. La base acab\u00f3 la \u00faltima temporada &#8220;con sabor agridulce&#8221;: &#8220;Acabar como acabamos no te gusta, pero hab\u00eda que mirar la salud y creo que fue lo correcto. En las \u00faltimas jornadas hab\u00edamos conseguido la madurez como equipo y est\u00e1bamos en buena din\u00e1mica y quer\u00edamos terminar la liga, as\u00ed que nos quedamos con sabor agridulce&#8221;. Lara lleva sin pisar el Gasca desde mediados de marzo y est\u00e1 deseando volver a la cancha a entrenar: &#8220;Normalmente, cuando acaba una temporada tienes un tiempo para dedicarte un poco a los estudios, pero enseguida vuelves a la pista para no perder la forma f\u00edsica. A ver este a\u00f1o, hemos hablado con Azu y hasta finales de junio o as\u00ed igual no podemos entrenar en el Gasca. Lo llevamos como podemos&#8221;. Lara est\u00e1 encantada con seguir un a\u00f1o m\u00e1s en el IDK Euskotren: &#8220;Quedarte en el equipo de casa y que conf\u00eden en ti es una satisfacci\u00f3n muy grande. Tengo muchas ganas e ilusi\u00f3n de volver a entrenar, trabajar durante las pr\u00f3ximas semanas y dar mi m\u00e1ximo. El a\u00f1o pasado no fue como yo esperaba, as\u00ed que estoy con m\u00e1s ganas a\u00fan&#8221;. El pr\u00f3ximo curso contar\u00e1 con muchos alicientes: &#8220;Habr\u00e1 dos equipos m\u00e1s, as\u00ed que la Liga Femenina Endesa se alargar\u00e1 un poco, lo que es bueno para la competici\u00f3n. Desde que empec\u00e9 hasta el d\u00eda de hoy la liga se ha endurecido y la pr\u00f3xima temporada ser\u00e1 muy competitiva, incluso m\u00e1s que la del a\u00f1o pasado. Habr\u00e1 que estar ah\u00ed para competir&#8221;.<\/p>\n","protected":false},"author":6,"featured_media":7355,"comment_status":"open","ping_status":"open","sticky":false,"template":"","format":"standard","meta":{"_acf_changed":false,"footnotes":""},"categories":[10,11],"tags":[],"class_list":["post-8144","post","type-post","status-publish","format-standard","has-post-thumbnail","hentry","category-l-f","category-noticias"],"acf":[],"_links":{"self":[{"href":"https:\/\/www.ibaetabasket.com\/eu\/wp-json\/wp\/v2\/posts\/8144","targetHints":{"allow":["GET"]}}],"collection":[{"href":"https:\/\/www.ibaetabasket.com\/eu\/wp-json\/wp\/v2\/posts"}],"about":[{"href":"https:\/\/www.ibaetabasket.com\/eu\/wp-json\/wp\/v2\/types\/post"}],"author":[{"embeddable":true,"href":"https:\/\/www.ibaetabasket.com\/eu\/wp-json\/wp\/v2\/users\/6"}],"replies":[{"embeddable":true,"href":"https:\/\/www.ibaetabasket.com\/eu\/wp-json\/wp\/v2\/comments?post=8144"}],"version-history":[{"count":1,"href":"https:\/\/www.ibaetabasket.com\/eu\/wp-json\/wp\/v2\/posts\/8144\/revisions"}],"predecessor-version":[{"id":8145,"href":"https:\/\/www.ibaetabasket.com\/eu\/wp-json\/wp\/v2\/posts\/8144\/revisions\/8145"}],"wp:featuredmedia":[{"embeddable":true,"href":"https:\/\/www.ibaetabasket.com\/eu\/wp-json\/wp\/v2\/media\/7355"}],"wp:attachment":[{"href":"https:\/\/www.ibaetabasket.com\/eu\/wp-json\/wp\/v2\/media?parent=8144"}],"wp:term":[{"taxonomy":"category","embeddable":true,"href":"https:\/\/www.ibaetabasket.com\/eu\/wp-json\/wp\/v2\/categories?post=8144"},{"taxonomy":"post_tag","embeddable":true,"href":"https:\/\/www.ibaetabasket.com\/eu\/wp-json\/wp\/v2\/tags?post=8144"}],"curies":[{"name":"wp","href":"https:\/\/api.w.org\/{rel}","templated":true}]}}